{"id":4188,"date":"2025-10-10T22:45:06","date_gmt":"2025-10-10T22:45:06","guid":{"rendered":"https:\/\/greenkitchen.com.br\/novo\/?p=4188"},"modified":"2025-10-10T22:45:06","modified_gmt":"2025-10-10T22:45:06","slug":"rede-dor-webinar-conscientizacao-sobre-perdas-e-desperdicios-de-alimentos","status":"publish","type":"post","link":"https:\/\/greenkitchen.com.br\/novo\/rede-dor-webinar-conscientizacao-sobre-perdas-e-desperdicios-de-alimentos\/","title":{"rendered":"Rede D&#8217;Or | Webinar| Conscientiza\u00e7\u00e3o sobre Perdas e Desperdicios de Alimentos"},"content":{"rendered":"\n<figure class=\"wp-block-image size-full\"><img fetchpriority=\"high\" decoding=\"async\" width=\"523\" height=\"986\" src=\"https:\/\/greenkitchen.com.br\/novo\/wp-content\/uploads\/2025\/10\/2025-Sustentabilidade-Webinar-Desperdicio-de-Alimentos-1.png\" alt=\"\" class=\"wp-image-4190\" srcset=\"https:\/\/greenkitchen.com.br\/novo\/wp-content\/uploads\/2025\/10\/2025-Sustentabilidade-Webinar-Desperdicio-de-Alimentos-1.png 523w, https:\/\/greenkitchen.com.br\/novo\/wp-content\/uploads\/2025\/10\/2025-Sustentabilidade-Webinar-Desperdicio-de-Alimentos-1-159x300.png 159w\" sizes=\"(max-width: 523px) 100vw, 523px\" \/><\/figure>\n\n\n\n<p>A convite de Ingrid Cicca \u00e0 frente das a\u00e7\u00f5es de Sustentabilidade e Meio Ambiente da Rede D&#8217;Or tivemos a felicidade de participar deste evento e compartilhar experi\u00eancias fant\u00e1sticas com a Nelly ! Muito obrigada.<\/p>\n\n\n\n<p><\/p>\n","protected":false},"excerpt":{"rendered":"<p>A convite de Ingrid Cicca \u00e0 frente das a\u00e7\u00f5es de Sustentabilidade e Meio Ambiente da Rede D&#8217;Or tivemos a felicidade de participar deste evento e compartilhar experi\u00eancias fant\u00e1sticas com a Nelly ! Muito obrigada.<\/p>\n","protected":false},"author":1,"featured_media":0,"comment_status":"open","ping_status":"open","sticky":false,"template":"","format":"standard","meta":{"footnotes":""},"categories":[7],"tags":[],"class_list":["post-4188","post","type-post","status-publish","format-standard","hentry","category-eventos-green-kitchen"],"_links":{"self":[{"href":"https:\/\/greenkitchen.com.br\/novo\/wp-json\/wp\/v2\/posts\/4188","targetHints":{"allow":["GET"]}}],"collection":[{"href":"https:\/\/greenkitchen.com.br\/novo\/wp-json\/wp\/v2\/posts"}],"about":[{"href":"https:\/\/greenkitchen.com.br\/novo\/wp-json\/wp\/v2\/types\/post"}],"author":[{"embeddable":true,"href":"https:\/\/greenkitchen.com.br\/novo\/wp-json\/wp\/v2\/users\/1"}],"replies":[{"embeddable":true,"href":"https:\/\/greenkitchen.com.br\/novo\/wp-json\/wp\/v2\/comments?post=4188"}],"version-history":[{"count":1,"href":"https:\/\/greenkitchen.com.br\/novo\/wp-json\/wp\/v2\/posts\/4188\/revisions"}],"predecessor-version":[{"id":4191,"href":"https:\/\/greenkitchen.com.br\/novo\/wp-json\/wp\/v2\/posts\/4188\/revisions\/4191"}],"wp:attachment":[{"href":"https:\/\/greenkitchen.com.br\/novo\/wp-json\/wp\/v2\/media?parent=4188"}],"wp:term":[{"taxonomy":"category","embeddable":true,"href":"https:\/\/greenkitchen.com.br\/novo\/wp-json\/wp\/v2\/categories?post=4188"},{"taxonomy":"post_tag","embeddable":true,"href":"https:\/\/greenkitchen.com.br\/novo\/wp-json\/wp\/v2\/tags?post=4188"}],"curies":[{"name":"wp","href":"https:\/\/api.w.org\/{rel}","templated":true}]}}