{"id":4186,"date":"2025-10-10T22:33:50","date_gmt":"2025-10-10T22:33:50","guid":{"rendered":"https:\/\/greenkitchen.com.br\/novo\/?p=4186"},"modified":"2025-10-10T22:33:50","modified_gmt":"2025-10-10T22:33:50","slug":"ii-workshop-green-conexao-biomas-tecnologias-em-sustentabilidade-para-o-foodservice-clone","status":"publish","type":"post","link":"https:\/\/greenkitchen.com.br\/novo\/ii-workshop-green-conexao-biomas-tecnologias-em-sustentabilidade-para-o-foodservice-clone\/","title":{"rendered":"II Workshop Green &#8211; Conex\u00e3o Biomas &amp; Tecnologias em Sustentabilidade para o Foodservice Clone"},"content":{"rendered":"\n<p>O II Workshop \u2013 Conex\u00e3o Biomas &amp; Tecnologias em Sustentabilidade para o Foodservice, que acontecer\u00e1 dentro do XXVI Congresso Internacional de Nutri\u00e7\u00e3o Funcional, nos dias 19 e 20 de setembro, na sala de Cinema no hor\u00e1rio das 8h30 \u00e0s 12h30.<\/p>\n\n\n\n<p>Durante dois dias estaremos apresentando empresas e solu\u00e7\u00f5es em tecnologia, equipamentos e utens\u00edlios, em insumos para higieniza\u00e7\u00e3o de alimentos e ambiente, as cooperativas que comercializam alimentos dos biomas brasileiros, da sociobiodiversidade e os cases de sucesso na implementa\u00e7\u00e3o na pr\u00e1tica das diretrizes preconizadas no Programa Green Kitchen, empresas que gerenciam restaurantes nos setores hoteleiros, hospitalares, em ind\u00fastrias, em alimenta\u00e7\u00e3o escolar p\u00fablica e privada e restaurantes comerciais.<\/p>\n\n\n\n<p>Ficaremos muito felizes com sua presen\u00e7a como nossa e fica tamb\u00e9m o convite para participarem da Rodada de Neg\u00f3cios que reunir\u00e1 cooperativas de agricultura familiar, alimentos dos Biomas, tecnologias e profissionais da gest\u00e3o do foodservice.<\/p>\n\n\n\n<p>Realiza\u00e7\u00e3o Green Kitchen, Faculdade VP e Instituto Brasileiro de Desenvolvimento e Sustentabilidade, com apoio do Canal Restaurante.<\/p>\n\n\n\n<p>AS INSCRI\u00c7\u00d5ES S\u00c3O GRATUITAS E O EVENTO SER\u00c1 UNICAMENTE PRESENCIAL. Ja Sala de Cinema 7, do Shopping Frei Caneca em S\u00e3o Paulo.<\/p>\n\n\n\n<p>Inscri\u00e7\u00f5es: https:\/\/www.canalrestaurante.com.br\/inscricoes<\/p>\n\n\n\n<p>Programa\u00e7\u00e3o completa: https:\/\/canalrestaurante.com.br\/arquivos\/Programacao.pdf<\/p>\n","protected":false},"excerpt":{"rendered":"<p>O II Workshop \u2013 Conex\u00e3o Biomas &amp; Tecnologias em Sustentabilidade para o Foodservice, que acontecer\u00e1 dentro do XXVI Congresso Internacional de Nutri\u00e7\u00e3o Funcional, nos dias 19 e 20 de setembro, na sala de Cinema no hor\u00e1rio das 8h30 \u00e0s 12h30. Durante dois dias estaremos apresentando empresas e solu\u00e7\u00f5es em tecnologia, equipamentos e utens\u00edlios, em insumos [&hellip;]<\/p>\n","protected":false},"author":1,"featured_media":4160,"comment_status":"open","ping_status":"open","sticky":false,"template":"","format":"standard","meta":{"footnotes":""},"categories":[7],"tags":[],"class_list":["post-4186","post","type-post","status-publish","format-standard","has-post-thumbnail","hentry","category-eventos-green-kitchen"],"_links":{"self":[{"href":"https:\/\/greenkitchen.com.br\/novo\/wp-json\/wp\/v2\/posts\/4186","targetHints":{"allow":["GET"]}}],"collection":[{"href":"https:\/\/greenkitchen.com.br\/novo\/wp-json\/wp\/v2\/posts"}],"about":[{"href":"https:\/\/greenkitchen.com.br\/novo\/wp-json\/wp\/v2\/types\/post"}],"author":[{"embeddable":true,"href":"https:\/\/greenkitchen.com.br\/novo\/wp-json\/wp\/v2\/users\/1"}],"replies":[{"embeddable":true,"href":"https:\/\/greenkitchen.com.br\/novo\/wp-json\/wp\/v2\/comments?post=4186"}],"version-history":[{"count":1,"href":"https:\/\/greenkitchen.com.br\/novo\/wp-json\/wp\/v2\/posts\/4186\/revisions"}],"predecessor-version":[{"id":4187,"href":"https:\/\/greenkitchen.com.br\/novo\/wp-json\/wp\/v2\/posts\/4186\/revisions\/4187"}],"wp:featuredmedia":[{"embeddable":true,"href":"https:\/\/greenkitchen.com.br\/novo\/wp-json\/wp\/v2\/media\/4160"}],"wp:attachment":[{"href":"https:\/\/greenkitchen.com.br\/novo\/wp-json\/wp\/v2\/media?parent=4186"}],"wp:term":[{"taxonomy":"category","embeddable":true,"href":"https:\/\/greenkitchen.com.br\/novo\/wp-json\/wp\/v2\/categories?post=4186"},{"taxonomy":"post_tag","embeddable":true,"href":"https:\/\/greenkitchen.com.br\/novo\/wp-json\/wp\/v2\/tags?post=4186"}],"curies":[{"name":"wp","href":"https:\/\/api.w.org\/{rel}","templated":true}]}}