{"id":4182,"date":"2025-10-10T22:32:14","date_gmt":"2025-10-10T22:32:14","guid":{"rendered":"https:\/\/greenkitchen.com.br\/novo\/?p=4182"},"modified":"2025-10-10T22:32:14","modified_gmt":"2025-10-10T22:32:14","slug":"instituto-aua-live-da-floresta-ao-consumidor","status":"publish","type":"post","link":"https:\/\/greenkitchen.com.br\/novo\/instituto-aua-live-da-floresta-ao-consumidor\/","title":{"rendered":"Instituto AUA | Live | Da Floresta ao Consumidor"},"content":{"rendered":"\n<figure class=\"wp-block-image size-large\"><img decoding=\"async\" src=\"https:\/\/greenkitchen.com.br\/novo\/wp-content\/uploads\/2025\/10\/PHOTO-2025-09-01-18-42-39-1-819x1024.jpg\" alt=\"\" class=\"wp-image-4184\"\/><\/figure>\n\n\n\n<p>Aconteceu e ficamos felizes e honrados em participar!<\/p>\n\n\n\n<p>&#x1f4cd;No dia 03 de setembro, \u00e0s 19h, acontece a nossa live \u201cDa floresta ao consumidor\u201d&nbsp; aqui no Instagram!<\/p>\n\n\n\n<p>Na roda de conversa, teremos Gabriel Menezes, presidente do Instituto Au\u00e1, e M\u00f4nica, da GreenKitchen.<\/p>\n\n\n\n<p>&#x1f449; E ainda: convidados especiais que enviaram suas receitas, trazendo experi\u00eancias e vis\u00f5es sobre como as frutas nativas podem transformar a nossa rela\u00e7\u00e3o com o meio ambiente e com a alimenta\u00e7\u00e3o.<\/p>\n\n\n\n<p>&#x1f343; \u00c9 um encontro para quem acredita em um futuro mais justo e sustent\u00e1vel.<\/p>\n\n\n\n<p><\/p>\n","protected":false},"excerpt":{"rendered":"<p>Aconteceu e ficamos felizes e honrados em participar! &#x1f4cd;No dia 03 de setembro, \u00e0s 19h, acontece a nossa live \u201cDa floresta ao consumidor\u201d&nbsp; aqui no Instagram! Na roda de conversa, teremos Gabriel Menezes, presidente do Instituto Au\u00e1, e M\u00f4nica, da GreenKitchen. &#x1f449; E ainda: convidados especiais que enviaram suas receitas, trazendo experi\u00eancias e vis\u00f5es sobre [&hellip;]<\/p>\n","protected":false},"author":1,"featured_media":4183,"comment_status":"open","ping_status":"open","sticky":false,"template":"","format":"standard","meta":{"footnotes":""},"categories":[7],"tags":[],"class_list":["post-4182","post","type-post","status-publish","format-standard","has-post-thumbnail","hentry","category-eventos-green-kitchen"],"_links":{"self":[{"href":"https:\/\/greenkitchen.com.br\/novo\/wp-json\/wp\/v2\/posts\/4182","targetHints":{"allow":["GET"]}}],"collection":[{"href":"https:\/\/greenkitchen.com.br\/novo\/wp-json\/wp\/v2\/posts"}],"about":[{"href":"https:\/\/greenkitchen.com.br\/novo\/wp-json\/wp\/v2\/types\/post"}],"author":[{"embeddable":true,"href":"https:\/\/greenkitchen.com.br\/novo\/wp-json\/wp\/v2\/users\/1"}],"replies":[{"embeddable":true,"href":"https:\/\/greenkitchen.com.br\/novo\/wp-json\/wp\/v2\/comments?post=4182"}],"version-history":[{"count":1,"href":"https:\/\/greenkitchen.com.br\/novo\/wp-json\/wp\/v2\/posts\/4182\/revisions"}],"predecessor-version":[{"id":4185,"href":"https:\/\/greenkitchen.com.br\/novo\/wp-json\/wp\/v2\/posts\/4182\/revisions\/4185"}],"wp:featuredmedia":[{"embeddable":true,"href":"https:\/\/greenkitchen.com.br\/novo\/wp-json\/wp\/v2\/media\/4183"}],"wp:attachment":[{"href":"https:\/\/greenkitchen.com.br\/novo\/wp-json\/wp\/v2\/media?parent=4182"}],"wp:term":[{"taxonomy":"category","embeddable":true,"href":"https:\/\/greenkitchen.com.br\/novo\/wp-json\/wp\/v2\/categories?post=4182"},{"taxonomy":"post_tag","embeddable":true,"href":"https:\/\/greenkitchen.com.br\/novo\/wp-json\/wp\/v2\/tags?post=4182"}],"curies":[{"name":"wp","href":"https:\/\/api.w.org\/{rel}","templated":true}]}}