{"id":2199,"date":"2024-06-29T18:57:43","date_gmt":"2024-06-29T18:57:43","guid":{"rendered":"http:\/\/greenkitchen.com.br\/site\/?p=2199"},"modified":"2025-08-01T15:11:29","modified_gmt":"2025-08-01T15:11:29","slug":"suzy-ayres-entrevista-jose-aurelio-fundador-da-green-kitchen","status":"publish","type":"post","link":"https:\/\/greenkitchen.com.br\/novo\/suzy-ayres-entrevista-jose-aurelio-fundador-da-green-kitchen\/","title":{"rendered":"Suzy Ayres entrevista Jos\u00e9 Aur\u00e9lio , fundador da Green Kitchen"},"content":{"rendered":"<p><a href=\"https:\/\/greenkitchen.com.br\/novo\/wp-content\/uploads\/2024\/06\/SUSY-AYRES-IMG_4300.jpg\"><img fetchpriority=\"high\" decoding=\"async\" class=\"alignnone size-full wp-image-2200\" src=\"https:\/\/greenkitchen.com.br\/novo\/wp-content\/uploads\/2024\/06\/SUSY-AYRES-IMG_4300.jpg\" alt=\"SUSY AYRES IMG_4300\" width=\"1170\" height=\"855\" srcset=\"https:\/\/greenkitchen.com.br\/novo\/wp-content\/uploads\/2024\/06\/SUSY-AYRES-IMG_4300.jpg 1170w, https:\/\/greenkitchen.com.br\/novo\/wp-content\/uploads\/2024\/06\/SUSY-AYRES-IMG_4300-300x219.jpg 300w, https:\/\/greenkitchen.com.br\/novo\/wp-content\/uploads\/2024\/06\/SUSY-AYRES-IMG_4300-1024x748.jpg 1024w, https:\/\/greenkitchen.com.br\/novo\/wp-content\/uploads\/2024\/06\/SUSY-AYRES-IMG_4300-768x561.jpg 768w\" sizes=\"(max-width: 1170px) 100vw, 1170px\" \/><\/a><\/p>\n<p>girandocomsuzyayres 21 h \u2022 Entrevista com fundador da @greenkitchenbrasil<br \/>\nJos\u00e9 Aur\u00e9lio ! No meu canal YouTube<br \/>\nSuzy Ayres Oficial e na @tvrelacionamento !<br \/>\nVem conhecer o trabalho incr\u00edvel da @greenkitchenbrasil!<br \/>\nLink na bio e nos stories!<br \/>\nhttps:\/\/youtu.be\/h7LP4dViePl?<br \/>\nsi=F3\u00a14VA8X9qYN7Vr9<br \/>\nDire\u00e7\u00e3o: @kendisakamoto<br \/>\nEdi\u00e7\u00e3o\/Filmagem: @herberttbianchi<br \/>\n\u00d3culos: @provisaoestetica_<br \/>\n@urbe.eyewear<br \/>\nGravado no Studio: @westudents.edtech<\/p>\n<p>Entrevista completa no link:<\/p>\n<p><a href=\"https:\/\/www.youtube.com\/watch?app=desktop&amp;v=h7LP4dViePI&amp;t=9s\">https:\/\/www.youtube.com\/watch?app=desktop&amp;v=h7LP4dViePI&amp;t=9s<\/a><\/p>\n<div style=\"width: 800px;\" class=\"wp-video\"><video class=\"wp-video-shortcode\" id=\"video-2199-1\" width=\"800\" height=\"451\" preload=\"metadata\" controls=\"controls\"><source type=\"video\/mp4\" src=\"https:\/\/greenkitchen.com.br\/novo\/wp-content\/uploads\/2024\/06\/VIDEO-2024-06-24-10-50-51.mp4?_=1\" \/><a href=\"https:\/\/greenkitchen.com.br\/novo\/wp-content\/uploads\/2024\/06\/VIDEO-2024-06-24-10-50-51.mp4\">https:\/\/greenkitchen.com.br\/novo\/wp-content\/uploads\/2024\/06\/VIDEO-2024-06-24-10-50-51.mp4<\/a><\/video><\/div>\n<div style=\"width: 800px;\" class=\"wp-video\"><video class=\"wp-video-shortcode\" id=\"video-2199-2\" width=\"800\" height=\"451\" preload=\"metadata\" controls=\"controls\"><source type=\"video\/mp4\" src=\"https:\/\/greenkitchen.com.br\/novo\/wp-content\/uploads\/2024\/06\/VIDEO-2024-06-24-10-50-51.mp4?_=2\" \/><a href=\"https:\/\/greenkitchen.com.br\/novo\/wp-content\/uploads\/2024\/06\/VIDEO-2024-06-24-10-50-51.mp4\">https:\/\/greenkitchen.com.br\/novo\/wp-content\/uploads\/2024\/06\/VIDEO-2024-06-24-10-50-51.mp4<\/a><\/video><\/div>\n","protected":false},"excerpt":{"rendered":"<p>girandocomsuzyayres 21 h \u2022 Entrevista com fundador da @greenkitchenbrasil Jos\u00e9 Aur\u00e9lio ! No meu canal YouTube Suzy Ayres Oficial e na @tvrelacionamento ! Vem conhecer o trabalho incr\u00edvel da @greenkitchenbrasil! Link na bio e nos stories! https:\/\/youtu.be\/h7LP4dViePl? si=F3\u00a14VA8X9qYN7Vr9 Dire\u00e7\u00e3o: @kendisakamoto Edi\u00e7\u00e3o\/Filmagem: @herberttbianchi \u00d3culos: @provisaoestetica_ @urbe.eyewear Gravado no Studio: @westudents.edtech Entrevista completa no link: https:\/\/www.youtube.com\/watch?app=desktop&amp;v=h7LP4dViePI&amp;t=9s<\/p>\n","protected":false},"author":1,"featured_media":2200,"comment_status":"closed","ping_status":"closed","sticky":false,"template":"","format":"standard","meta":{"footnotes":""},"categories":[6],"tags":[],"class_list":["post-2199","post","type-post","status-publish","format-standard","has-post-thumbnail","hentry","category-noticias"],"_links":{"self":[{"href":"https:\/\/greenkitchen.com.br\/novo\/wp-json\/wp\/v2\/posts\/2199","targetHints":{"allow":["GET"]}}],"collection":[{"href":"https:\/\/greenkitchen.com.br\/novo\/wp-json\/wp\/v2\/posts"}],"about":[{"href":"https:\/\/greenkitchen.com.br\/novo\/wp-json\/wp\/v2\/types\/post"}],"author":[{"embeddable":true,"href":"https:\/\/greenkitchen.com.br\/novo\/wp-json\/wp\/v2\/users\/1"}],"replies":[{"embeddable":true,"href":"https:\/\/greenkitchen.com.br\/novo\/wp-json\/wp\/v2\/comments?post=2199"}],"version-history":[{"count":1,"href":"https:\/\/greenkitchen.com.br\/novo\/wp-json\/wp\/v2\/posts\/2199\/revisions"}],"predecessor-version":[{"id":4079,"href":"https:\/\/greenkitchen.com.br\/novo\/wp-json\/wp\/v2\/posts\/2199\/revisions\/4079"}],"wp:featuredmedia":[{"embeddable":true,"href":"https:\/\/greenkitchen.com.br\/novo\/wp-json\/wp\/v2\/media\/2200"}],"wp:attachment":[{"href":"https:\/\/greenkitchen.com.br\/novo\/wp-json\/wp\/v2\/media?parent=2199"}],"wp:term":[{"taxonomy":"category","embeddable":true,"href":"https:\/\/greenkitchen.com.br\/novo\/wp-json\/wp\/v2\/categories?post=2199"},{"taxonomy":"post_tag","embeddable":true,"href":"https:\/\/greenkitchen.com.br\/novo\/wp-json\/wp\/v2\/tags?post=2199"}],"curies":[{"name":"wp","href":"https:\/\/api.w.org\/{rel}","templated":true}]}}