{"id":2183,"date":"2024-06-10T15:19:18","date_gmt":"2024-06-10T15:19:18","guid":{"rendered":"http:\/\/greenkitchen.com.br\/site\/?p=2183"},"modified":"2024-06-10T15:19:18","modified_gmt":"2024-06-10T15:19:18","slug":"8-em-cada-10-pessoas-querem-a-proibicao-do-plastico-e-voce","status":"publish","type":"post","link":"https:\/\/greenkitchen.com.br\/novo\/8-em-cada-10-pessoas-querem-a-proibicao-do-plastico-e-voce\/","title":{"rendered":"8 em cada 10 pessoas querem a proibi\u00e7\u00e3o do pl\u00e1stico e voce?"},"content":{"rendered":"<table border=\"0\" width=\"100%\" cellspacing=\"0\" cellpadding=\"0\">\n<tbody>\n<tr>\n<td class=\"padding\" align=\"left\" bgcolor=\"#ffffff\"><a href=\"https:\/\/greenkitchen.com.br\/novo\/wp-content\/uploads\/2024\/06\/IMG_4156.jpg\"><img fetchpriority=\"high\" decoding=\"async\" class=\"alignnone size-full wp-image-2185\" src=\"https:\/\/greenkitchen.com.br\/novo\/wp-content\/uploads\/2024\/06\/IMG_4156.jpg\" alt=\"IMG_4156\" width=\"1161\" height=\"1338\" srcset=\"https:\/\/greenkitchen.com.br\/novo\/wp-content\/uploads\/2024\/06\/IMG_4156.jpg 1161w, https:\/\/greenkitchen.com.br\/novo\/wp-content\/uploads\/2024\/06\/IMG_4156-260x300.jpg 260w, https:\/\/greenkitchen.com.br\/novo\/wp-content\/uploads\/2024\/06\/IMG_4156-889x1024.jpg 889w, https:\/\/greenkitchen.com.br\/novo\/wp-content\/uploads\/2024\/06\/IMG_4156-768x885.jpg 768w\" sizes=\"(max-width: 1161px) 100vw, 1161px\" \/><\/a><\/p>\n<p>O problema \u00e9 reconhecido por&nbsp;<a href=\"https:\/\/www.wwf.org.br\/nossosconteudos\/notas_e_releases\/?88260%2FOito-em-cada-dez-pessoas-em-todo-o-mundo-querem-a-proibicao-global-de-plasticos-descartaveis&amp;utm_campaign=202406_-_e-mail_nao_doadores_dia_mundial_dos_oceanos&amp;utm_medium=email&amp;utm_source=RD+Station\" target=\"_blank\" rel=\"noopener\"><strong>8 a cada 10 pessoas que pedem a proibi\u00e7\u00e3o dos pl\u00e1sticos descart\u00e1veis<\/strong><\/a>&nbsp;e cobram dos governos um posicionamento firme contra a produ\u00e7\u00e3o deste tipo de res\u00edduo. No estudo encomendado pelo WWF vemos que o&nbsp;<strong>pl\u00e1stico \u00e9 tudo, menos barato.<\/strong>&nbsp;A produ\u00e7\u00e3o, a elimina\u00e7\u00e3o e a polui\u00e7\u00e3o acarretam custos elevados para o nosso ambiente, sa\u00fade e economia,&nbsp;<strong>afetando principalmente pa\u00edses de baixa e m\u00e9dia renda.<\/strong><\/p>\n<p>Para lidar com essa quest\u00e3o, um&nbsp;<strong>tratado global contra a polui\u00e7\u00e3o pl\u00e1stica<\/strong>&nbsp;est\u00e1 sendo discutido e em&nbsp;<strong>novembro acontece a \u00faltima rodada de negocia\u00e7\u00f5es entre as na\u00e7\u00f5es<\/strong>. A menos que l\u00edderes mundiais cheguem a um acordo ambicioso e justo, com regras globais juridicamente vinculativas,&nbsp;<strong>a polui\u00e7\u00e3o por pl\u00e1sticos dever\u00e1 triplicar at\u00e9 2040.&nbsp;<\/strong>Por tudo isso #Agir\u00c9Urgente.<\/p>\n<p><strong>Voc\u00ea pode contribuir para que o tratado aconte\u00e7a!&nbsp;Para isso,&nbsp;assine a peti\u00e7\u00e3o&nbsp;que pressiona autoridades em prol da natureza.<\/strong><\/td>\n<\/tr>\n<\/tbody>\n<\/table>\n<table class=\"componentContainerButton\" border=\"0\" width=\"100%\" cellspacing=\"0\" cellpadding=\"0\">\n<tbody>\n<tr>\n<td class=\"componentContainerCellButton\" align=\"center\" valign=\"top\">\n<table class=\"componentBlockButton\" border=\"0\" width=\"100%\" cellspacing=\"0\" cellpadding=\"0\">\n<tbody>\n<tr>\n<td class=\"componentBlockCellButton\" align=\"center\" valign=\"middle\"><a class=\"componentButton\" title=\"\" href=\"https:\/\/promo.wwf.org.br\/peticao-plastico?utm_campaign=202406_-_e-mail_nao_doadores_dia_mundial_dos_oceanos&amp;utm_medium=email&amp;utm_source=RD+Station\" target=\"_blank\">Assinar peti\u00e7\u00e3o<\/a><\/td>\n<\/tr>\n<\/tbody>\n<\/table>\n<\/td>\n<\/tr>\n<\/tbody>\n<\/table>\n<table border=\"0\" width=\"100%\" cellspacing=\"0\" cellpadding=\"0\">\n<tbody>\n<tr>\n<td align=\"left\" bgcolor=\"transparent\">\n<table border=\"0\" width=\"100%\" cellspacing=\"0\" cellpadding=\"0\">\n<tbody>\n<tr>\n<td>&nbsp;<\/td>\n<\/tr>\n<\/tbody>\n<\/table>\n<\/td>\n<\/tr>\n<\/tbody>\n<\/table>\n","protected":false},"excerpt":{"rendered":"<p>O problema \u00e9 reconhecido por&nbsp;8 a cada 10 pessoas que pedem a proibi\u00e7\u00e3o dos pl\u00e1sticos descart\u00e1veis&nbsp;e cobram dos governos um posicionamento firme contra a produ\u00e7\u00e3o deste tipo de res\u00edduo. No estudo encomendado pelo WWF vemos que o&nbsp;pl\u00e1stico \u00e9 tudo, menos barato.&nbsp;A produ\u00e7\u00e3o, a elimina\u00e7\u00e3o e a polui\u00e7\u00e3o acarretam custos elevados para o nosso ambiente, sa\u00fade [&hellip;]<\/p>\n","protected":false},"author":1,"featured_media":2184,"comment_status":"closed","ping_status":"closed","sticky":false,"template":"","format":"standard","meta":{"footnotes":""},"categories":[6],"tags":[],"class_list":["post-2183","post","type-post","status-publish","format-standard","has-post-thumbnail","hentry","category-noticias"],"_links":{"self":[{"href":"https:\/\/greenkitchen.com.br\/novo\/wp-json\/wp\/v2\/posts\/2183","targetHints":{"allow":["GET"]}}],"collection":[{"href":"https:\/\/greenkitchen.com.br\/novo\/wp-json\/wp\/v2\/posts"}],"about":[{"href":"https:\/\/greenkitchen.com.br\/novo\/wp-json\/wp\/v2\/types\/post"}],"author":[{"embeddable":true,"href":"https:\/\/greenkitchen.com.br\/novo\/wp-json\/wp\/v2\/users\/1"}],"replies":[{"embeddable":true,"href":"https:\/\/greenkitchen.com.br\/novo\/wp-json\/wp\/v2\/comments?post=2183"}],"version-history":[{"count":0,"href":"https:\/\/greenkitchen.com.br\/novo\/wp-json\/wp\/v2\/posts\/2183\/revisions"}],"wp:featuredmedia":[{"embeddable":true,"href":"https:\/\/greenkitchen.com.br\/novo\/wp-json\/wp\/v2\/media\/2184"}],"wp:attachment":[{"href":"https:\/\/greenkitchen.com.br\/novo\/wp-json\/wp\/v2\/media?parent=2183"}],"wp:term":[{"taxonomy":"category","embeddable":true,"href":"https:\/\/greenkitchen.com.br\/novo\/wp-json\/wp\/v2\/categories?post=2183"},{"taxonomy":"post_tag","embeddable":true,"href":"https:\/\/greenkitchen.com.br\/novo\/wp-json\/wp\/v2\/tags?post=2183"}],"curies":[{"name":"wp","href":"https:\/\/api.w.org\/{rel}","templated":true}]}}