{"id":2160,"date":"2024-05-25T23:22:00","date_gmt":"2024-05-25T23:22:00","guid":{"rendered":"http:\/\/greenkitchen.com.br\/site\/?p=2160"},"modified":"2024-05-25T23:22:00","modified_gmt":"2024-05-25T23:22:00","slug":"horta-urbana-agroflorestal-sustentabilidade-e-economia-solidaria-na-zona-leste-de-sp","status":"publish","type":"post","link":"https:\/\/greenkitchen.com.br\/novo\/horta-urbana-agroflorestal-sustentabilidade-e-economia-solidaria-na-zona-leste-de-sp\/","title":{"rendered":"Horta urbana agroflorestal: Sustentabilidade e economia solid\u00e1ria na zona Leste de SP"},"content":{"rendered":"<div class=\"names\">Por&nbsp;Juliana Carreiro<\/div>\n<div class=\"date\">\n<div class=\"principal-dates\">\n<p><time>20\/05\/2024 | 17h13<\/time><\/p>\n<div class=\"circle-divisor\">Estad\u00e3o Blog Comida de Verdade<\/div>\n<p>Atualiza\u00e7\u00e3o:&nbsp;<time>21\/05\/2024 | 12h30<\/time><\/p>\n<\/div>\n<div class=\"principal-dates\"><a href=\"https:\/\/www.estadao.com.br\/emais\/comida-de-verdade\/horta-urbana-agroflorestal-sustentabilidade-e-economia-solidaria-na-zona-leste-de-sp\/\">https:\/\/www.estadao.com.br\/emais\/comida-de-verdade\/horta-urbana-agroflorestal-sustentabilidade-e-economia-solidaria-na-zona-leste-de-sp\/<\/a><\/div>\n<\/div>\n","protected":false},"excerpt":{"rendered":"<p>Por&nbsp;Juliana Carreiro 20\/05\/2024 | 17h13 Estad\u00e3o Blog Comida de Verdade Atualiza\u00e7\u00e3o:&nbsp;21\/05\/2024 | 12h30 https:\/\/www.estadao.com.br\/emais\/comida-de-verdade\/horta-urbana-agroflorestal-sustentabilidade-e-economia-solidaria-na-zona-leste-de-sp\/<\/p>\n","protected":false},"author":1,"featured_media":0,"comment_status":"closed","ping_status":"closed","sticky":false,"template":"","format":"standard","meta":{"footnotes":""},"categories":[6],"tags":[],"class_list":["post-2160","post","type-post","status-publish","format-standard","hentry","category-noticias"],"_links":{"self":[{"href":"https:\/\/greenkitchen.com.br\/novo\/wp-json\/wp\/v2\/posts\/2160","targetHints":{"allow":["GET"]}}],"collection":[{"href":"https:\/\/greenkitchen.com.br\/novo\/wp-json\/wp\/v2\/posts"}],"about":[{"href":"https:\/\/greenkitchen.com.br\/novo\/wp-json\/wp\/v2\/types\/post"}],"author":[{"embeddable":true,"href":"https:\/\/greenkitchen.com.br\/novo\/wp-json\/wp\/v2\/users\/1"}],"replies":[{"embeddable":true,"href":"https:\/\/greenkitchen.com.br\/novo\/wp-json\/wp\/v2\/comments?post=2160"}],"version-history":[{"count":0,"href":"https:\/\/greenkitchen.com.br\/novo\/wp-json\/wp\/v2\/posts\/2160\/revisions"}],"wp:attachment":[{"href":"https:\/\/greenkitchen.com.br\/novo\/wp-json\/wp\/v2\/media?parent=2160"}],"wp:term":[{"taxonomy":"category","embeddable":true,"href":"https:\/\/greenkitchen.com.br\/novo\/wp-json\/wp\/v2\/categories?post=2160"},{"taxonomy":"post_tag","embeddable":true,"href":"https:\/\/greenkitchen.com.br\/novo\/wp-json\/wp\/v2\/tags?post=2160"}],"curies":[{"name":"wp","href":"https:\/\/api.w.org\/{rel}","templated":true}]}}