{"id":2121,"date":"2024-04-28T18:00:47","date_gmt":"2024-04-28T18:00:47","guid":{"rendered":"http:\/\/greenkitchen.com.br\/site\/?p=2121"},"modified":"2024-04-28T18:00:47","modified_gmt":"2024-04-28T18:00:47","slug":"pacientes-do-hospital-regional-dos-caetes-aproveitam-na-horta-momento-de-integracao","status":"publish","type":"post","link":"https:\/\/greenkitchen.com.br\/novo\/pacientes-do-hospital-regional-dos-caetes-aproveitam-na-horta-momento-de-integracao\/","title":{"rendered":"*Pacientes do Hospital Regional dos Caet\u00e9s aproveitam na horta momento de integra\u00e7\u00e3o*"},"content":{"rendered":"<p class=\"mb-4 fs-4 lh-120\">O Projeto Hortoterapia associa atividades de fisioterapia e nutri\u00e7\u00e3o, melhorando a sa\u00fade mental, f\u00edsica e motora<\/p>\n<div class=\"d-flex justify-content-between align-content-center align-items-center mb-3\">\n<div class=\"linha_vertical_cinza x-small\">\n<div class=\"ms-1 fw-500\">Por Governo do Par\u00e1 (SECOM)<\/div>\n<div class=\"ms-1\">01\/03\/2024 18h10<\/div>\n<\/div>\n<div class=\"\">&nbsp;<\/div>\n<\/div>\n<p class=\"txt_noticia\">&nbsp;<\/p>\n<p>V\u00e1rios projetos de assist\u00eancia de m\u00e9dia e alta complexidade, oferecidos no Hospital Regional P\u00fablico dos Caet\u00e9s (HRPC), em Capanema, munic\u00edpio do nordeste paraense, v\u00eam contribuindo diretamente na recupera\u00e7\u00e3o da sa\u00fade dos usu\u00e1rios em interna\u00e7\u00e3o. Entre os projetos, destaca-se a Hortoterapia, que associa atividades de fisioterapia e nutri\u00e7\u00e3o, para que os pacientes assimilem novos conceitos ambientais em viv\u00eancias inclusivas, melhorando a sa\u00fade mental, f\u00edsica, motora e nutricional.<\/p>\n<p><span class=\"w3cgWrapper w3cgAlignCenter\"><a class=\"imgGcLink\" href=\"https:\/\/agenciapara.com.br\/midias\/2024\/grandes\/up_ag_51927_7516af94-f33e-d0be-59ae-285c21f17872.jpg\"><img decoding=\"async\" class=\"imGs4O0O8\" title=\"Foto: Divulga\u00e7\u00e3o\" src=\"https:\/\/agenciapara.com.br\/midias\/2024\/medias\/up_ag_51927_7516af94-f33e-d0be-59ae-285c21f17872.jpg\" alt=\"Intera\u00e7\u00e3o com as plantas \u00e9 terapia incentivada no HRPC\"><\/a><span class=\"w3cgLegenda\">Intera\u00e7\u00e3o com as plantas \u00e9 terapia incentivada no HRPC<\/span><span class=\"credito_foto\">Foto: Divulga\u00e7\u00e3o<\/span><\/span><\/p>\n<p>A a\u00e7\u00e3o terap\u00eautica, proporcionada pela equipe multiprofissional, associa ainda momentos de lazer no espa\u00e7o da Horta Hospitalar suspensa, que tamb\u00e9m disp\u00f5e de outras plantas, al\u00e9m de contribuir para a preserva\u00e7\u00e3o do meio ambiente a partir da n\u00e3o utiliza\u00e7\u00e3o de insumos agr\u00edcolas industrializados. Os pacientes vivenciam momentos de relaxamento e conforto, fora do ambiente de interna\u00e7\u00e3o, fortalecendo os la\u00e7os de afeto e cuidado com a equipe profissional.<\/p>\n<p>Francisca Borges de Sousa, 78 anos, residente no munic\u00edpio de Salin\u00f3polis, a 75 quil\u00f4metros de Capanema, est\u00e1 se recuperando de fratura de f\u00eamur. Ela aprovou a iniciativa do HRPC e compartilhou o sentimento diante dessa experi\u00eancia. &#8220;O espa\u00e7o \u00e9 maravilhoso, ventilado, as plantas e a boa companhia dos profissionais. Momentos como esses s\u00e3o muito ben\u00e9ficos para a nossa melhora&#8221;, disse a paciente.<\/p>\n<p><strong><span class=\"w3cgWrapper w3cgAlignCenter\"><a class=\"imgGcLink\" href=\"https:\/\/agenciapara.com.br\/midias\/2024\/grandes\/up_ag_51927_459c637f-f52f-ae6c-192f-e6bce94bed69.jpg\"><img decoding=\"async\" class=\"imGs4O0O8\" title=\"Foto: Divulga\u00e7\u00e3o\" src=\"https:\/\/agenciapara.com.br\/midias\/2024\/medias\/up_ag_51927_459c637f-f52f-ae6c-192f-e6bce94bed69.jpg\" alt=\" Francisca Borges Ribeiro (com a m\u00e1scara preta), ao lado da equipe multiprofissional e de outra paciente\"><\/a><\/span><\/strong><span class=\"w3cgWrapper w3cgAlignCenter\"><span class=\"w3cgLegenda\">Francisca Borges Ribeiro (com a m\u00e1scara preta), ao lado da equipe multiprofissional e de outra paciente .&nbsp;<\/span><\/span><span class=\"w3cgWrapper w3cgAlignCenter\"><span class=\"credito_foto\">Foto: Divulga\u00e7\u00e3o&nbsp;<\/span><\/span>Espa\u00e7o verde&nbsp;<\/p>\n<p>&nbsp;<\/p>\n<div class=\"txt_noticia\">\n<p>O fisioterapeuta Jo\u00e3o Vitor destacou a import\u00e2ncia da terapia. &#8220;O projeto j\u00e1 existe. Este ano, vamos dar continuidade, junto com a equipe multiprofissional. Optamos pelo espa\u00e7o verde da horta, e come\u00e7amos a trazer os pacientes para c\u00e1, proporcionando um momento terap\u00eautico onde eles possam se desligar um pouco do ambiente de interna\u00e7\u00e3o. Isso \u00e9 de grande import\u00e2ncia psicol\u00f3gica, motora e social&#8221;, ressaltou.O Complexo Hospitalar dos Caet\u00e9s (CHC) \u00e9 composto pelo Hospital Regional P\u00fablico dos Caet\u00e9s (HRPC), Policl\u00ednica e pelo N\u00facleo de Atendimento ao Espectro Autista (Natea) dos Caet\u00e9s.<\/p>\n<p><strong>Servi\u00e7o<\/strong>: O CHC integra a rede de sa\u00fade do Governo do Par\u00e1, sob a administra\u00e7\u00e3o do Instituto Nacional de Desenvolvimento Social e Humano (INDSH), em parceria com a Secretaria de Estado de Sa\u00fade P\u00fablica (Sespa). A unidade atende usu\u00e1rios 100% pelo Sistema \u00danico de Sa\u00fade (SUS), funcionando na Avenida Bar\u00e3o de Capanema, no bairro Centro, na sede municipal. Mais informa\u00e7\u00f5es podem ser obtidas pelo telefone: (91) 3122-7391.<\/p>\n<p><em>Texto: Vera Rojas &#8211; Ascom\/CHC (Com informa\u00e7\u00f5es de Felipe Brito)<\/em><\/p>\n<div id=\"carouselNoticias\" class=\"carousel slide\" data-bs-ride=\"carousel\" data-bs-interval=\"4000\">\n<div class=\"carousel-inner\">\n<div class=\"carousel-item active\"><a class=\"imgGcLink\" href=\"https:\/\/agenciapara.com.br\/midias\/2024\/grandes\/up_ag_51927_c5c159b5-e5aa-50ee-07d1-36a5c72a18df.jpg\"><img decoding=\"async\" class=\"d-block w-100\" src=\"https:\/\/agenciapara.com.br\/midias\/2024\/medias\/up_ag_51927_c5c159b5-e5aa-50ee-07d1-36a5c72a18df.jpg\" alt=\"\"><\/a><\/div>\n<\/div>\n<\/div>\n<\/div>\n<div class=\"carousel-item active\">&nbsp;<\/div>\n<div class=\"carousel-item active\">Veja a mat\u00e9ria em:<\/div>\n<div class=\"carousel-item active\"><a href=\"https:\/\/agenciapara.com.br\/noticia\/51927\/pacientes-do-hospital-regional-dos-caetes-aproveitam-na-horta-momento-de-integracao\">https:\/\/agenciapara.com.br\/noticia\/51927\/pacientes-do-hospital-regional-dos-caetes-aproveitam-na-horta-momento-de-integracao<\/a><\/div>\n<div class=\"carousel-item active\">&nbsp;<\/div>\n<div class=\"carousel-item active\">\nEst\u00e1 no ar o EM FOCO Food Service com a mat\u00e9ria Por Andrea Maria Larissa, nutricionista participante do Green cruzando as fronteiras da nutri\u00e7\u00e3o. Parab\u00e9ns Larissa e toda equipe multidisciplinar do Hospital Regional do Caet\u00e9s &#8211; INDSH no Par\u00e1 !<\/p>\n<p>&#x1f5de;\ufe0fMat\u00e9ria completa no Link:<br \/>\n<a href=\"https:\/www.marketingnutricional.com.br\/emfoco foodservice.html#andrealarissa-mn\">https:\/www.marketingnutricional.com.br\/emfoco foodservice.html#andrealarissa-mn<\/a><\/div>\n","protected":false},"excerpt":{"rendered":"<p>O Projeto Hortoterapia associa atividades de fisioterapia e nutri\u00e7\u00e3o, melhorando a sa\u00fade mental, f\u00edsica e motora Por Governo do Par\u00e1 (SECOM) 01\/03\/2024 18h10 &nbsp; &nbsp; V\u00e1rios projetos de assist\u00eancia de m\u00e9dia e alta complexidade, oferecidos no Hospital Regional P\u00fablico dos Caet\u00e9s (HRPC), em Capanema, munic\u00edpio do nordeste paraense, v\u00eam contribuindo diretamente na recupera\u00e7\u00e3o da sa\u00fade [&hellip;]<\/p>\n","protected":false},"author":1,"featured_media":2122,"comment_status":"closed","ping_status":"closed","sticky":false,"template":"","format":"standard","meta":{"footnotes":""},"categories":[9,6],"tags":[],"class_list":["post-2121","post","type-post","status-publish","format-standard","has-post-thumbnail","hentry","category-insights-do-grupo","category-noticias"],"_links":{"self":[{"href":"https:\/\/greenkitchen.com.br\/novo\/wp-json\/wp\/v2\/posts\/2121","targetHints":{"allow":["GET"]}}],"collection":[{"href":"https:\/\/greenkitchen.com.br\/novo\/wp-json\/wp\/v2\/posts"}],"about":[{"href":"https:\/\/greenkitchen.com.br\/novo\/wp-json\/wp\/v2\/types\/post"}],"author":[{"embeddable":true,"href":"https:\/\/greenkitchen.com.br\/novo\/wp-json\/wp\/v2\/users\/1"}],"replies":[{"embeddable":true,"href":"https:\/\/greenkitchen.com.br\/novo\/wp-json\/wp\/v2\/comments?post=2121"}],"version-history":[{"count":0,"href":"https:\/\/greenkitchen.com.br\/novo\/wp-json\/wp\/v2\/posts\/2121\/revisions"}],"wp:featuredmedia":[{"embeddable":true,"href":"https:\/\/greenkitchen.com.br\/novo\/wp-json\/wp\/v2\/media\/2122"}],"wp:attachment":[{"href":"https:\/\/greenkitchen.com.br\/novo\/wp-json\/wp\/v2\/media?parent=2121"}],"wp:term":[{"taxonomy":"category","embeddable":true,"href":"https:\/\/greenkitchen.com.br\/novo\/wp-json\/wp\/v2\/categories?post=2121"},{"taxonomy":"post_tag","embeddable":true,"href":"https:\/\/greenkitchen.com.br\/novo\/wp-json\/wp\/v2\/tags?post=2121"}],"curies":[{"name":"wp","href":"https:\/\/api.w.org\/{rel}","templated":true}]}}